{"id":323,"date":"2024-03-26T16:25:55","date_gmt":"2024-03-26T15:25:55","guid":{"rendered":"http:\/\/lafabriquepodcast.com\/?p=323"},"modified":"2024-05-11T23:29:37","modified_gmt":"2024-05-11T21:29:37","slug":"podcast-la-fabrique-18-zaid-sahebni","status":"publish","type":"post","link":"https:\/\/lafabriquepodcast.com\/index.php\/2024\/03\/26\/podcast-la-fabrique-18-zaid-sahebni\/","title":{"rendered":"Podcast La Fabrique 18 \u2013 Za\u00efd Sahebni"},"content":{"rendered":"\n<p>Dans l&rsquo;\u00e9pisode 18 de la Fabrique, et Juliette Arnaud, Ramzi Assadi et Fran\u00e7ois Audoin re\u00e7oivent l\u2019auteur Za\u00efd Sahebni.<\/p>\n\n\n\n<figure class=\"wp-block-embed is-type-video is-provider-youtube wp-block-embed-youtube wp-embed-aspect-16-9 wp-has-aspect-ratio\"><div class=\"wp-block-embed__wrapper\">\n<iframe loading=\"lazy\" title=\"La Fabrique #18 - Za\u00efd Sahebdin - podcast\" width=\"640\" height=\"360\" src=\"https:\/\/www.youtube.com\/embed\/Hd09lsx8Egs?feature=oembed\" frameborder=\"0\" allow=\"accelerometer; autoplay; clipboard-write; encrypted-media; gyroscope; picture-in-picture; web-share\" referrerpolicy=\"strict-origin-when-cross-origin\" allowfullscreen><\/iframe>\n<\/div><\/figure>\n\n\n\n<p><strong><strong>Biographie<\/strong> express Za\u00efd Sahebni<\/strong><\/p>\n\n\n\n<p>Apr\u00e8s une formation en graphisme et une premi\u00e8re exp\u00e9rience dans ce domaine, Za\u00efd Sahebni se fait d\u00e9couvrir par l&rsquo;humoriste Kevin Razy gr\u00e2ce \u00e0 ses tweets. Ce dernier l&rsquo;engage pour \u00e9crire des blagues sur ses vid\u00e9os Youtube, puis sur son talk-show sur canal+. il fait par la suite la rencontre de Benjamin Trani\u00e9 pour lequel il travaille encore aujourd&rsquo;hui, ainsi que pour Doully.<\/p>\n\n\n\n<p><strong>Bonus<\/strong><\/p>\n\n\n\n<figure class=\"wp-block-embed is-type-video is-provider-youtube wp-block-embed-youtube wp-embed-aspect-16-9 wp-has-aspect-ratio\"><div class=\"wp-block-embed__wrapper\">\n<iframe loading=\"lazy\" title=\"La Fabrique #18 bonus - Za\u00efd Sahebdin - podcast\" width=\"640\" height=\"360\" src=\"https:\/\/www.youtube.com\/embed\/agfkk4Pm_tQ?feature=oembed\" frameborder=\"0\" allow=\"accelerometer; autoplay; clipboard-write; encrypted-media; gyroscope; picture-in-picture; web-share\" referrerpolicy=\"strict-origin-when-cross-origin\" allowfullscreen><\/iframe>\n<\/div><\/figure>\n\n\n<div class=\"wp-block-image\">\n<figure class=\"aligncenter size-large is-resized\"><img loading=\"lazy\" decoding=\"async\" width=\"1024\" height=\"1024\" src=\"http:\/\/lafabriquepodcast.com\/wp-content\/uploads\/2024\/03\/Affiche-La-Fabrique-Saison-2-Episode-8-1-1024x1024.jpg\" alt=\"\" class=\"wp-image-325\" style=\"width:479px;height:auto\" srcset=\"https:\/\/lafabriquepodcast.com\/wp-content\/uploads\/2024\/03\/Affiche-La-Fabrique-Saison-2-Episode-8-1-1024x1024.jpg 1024w, https:\/\/lafabriquepodcast.com\/wp-content\/uploads\/2024\/03\/Affiche-La-Fabrique-Saison-2-Episode-8-1-300x300.jpg 300w, https:\/\/lafabriquepodcast.com\/wp-content\/uploads\/2024\/03\/Affiche-La-Fabrique-Saison-2-Episode-8-1-150x150.jpg 150w, https:\/\/lafabriquepodcast.com\/wp-content\/uploads\/2024\/03\/Affiche-La-Fabrique-Saison-2-Episode-8-1-768x768.jpg 768w, https:\/\/lafabriquepodcast.com\/wp-content\/uploads\/2024\/03\/Affiche-La-Fabrique-Saison-2-Episode-8-1.jpg 1100w\" sizes=\"auto, (max-width: 1024px) 100vw, 1024px\" \/><\/figure><\/div>","protected":false},"excerpt":{"rendered":"<p>Dans l&rsquo;\u00e9pisode 18 de la Fabrique, et Juliette Arnaud, Ramzi Assadi et Fran\u00e7ois Audoin re\u00e7oivent l\u2019auteur Za\u00efd Sahebni. Biographie express Za\u00efd Sahebni Apr\u00e8s une formation en graphisme et une premi\u00e8re exp\u00e9rience dans ce domaine, Za\u00efd Sahebni se fait d\u00e9couvrir par l&rsquo;humoriste Kevin Razy gr\u00e2ce \u00e0 ses tweets. Ce dernier l&rsquo;engage pour \u00e9crire des blagues sur&#8230;<\/p>\n","protected":false},"author":1,"featured_media":325,"comment_status":"closed","ping_status":"open","sticky":false,"template":"","format":"standard","meta":{"footnotes":""},"categories":[1,4],"tags":[],"class_list":["post-323","post","type-post","status-publish","format-standard","has-post-thumbnail","hentry","category-la-fabrique","category-podcast"],"_links":{"self":[{"href":"https:\/\/lafabriquepodcast.com\/index.php\/wp-json\/wp\/v2\/posts\/323","targetHints":{"allow":["GET"]}}],"collection":[{"href":"https:\/\/lafabriquepodcast.com\/index.php\/wp-json\/wp\/v2\/posts"}],"about":[{"href":"https:\/\/lafabriquepodcast.com\/index.php\/wp-json\/wp\/v2\/types\/post"}],"author":[{"embeddable":true,"href":"https:\/\/lafabriquepodcast.com\/index.php\/wp-json\/wp\/v2\/users\/1"}],"replies":[{"embeddable":true,"href":"https:\/\/lafabriquepodcast.com\/index.php\/wp-json\/wp\/v2\/comments?post=323"}],"version-history":[{"count":4,"href":"https:\/\/lafabriquepodcast.com\/index.php\/wp-json\/wp\/v2\/posts\/323\/revisions"}],"predecessor-version":[{"id":336,"href":"https:\/\/lafabriquepodcast.com\/index.php\/wp-json\/wp\/v2\/posts\/323\/revisions\/336"}],"wp:featuredmedia":[{"embeddable":true,"href":"https:\/\/lafabriquepodcast.com\/index.php\/wp-json\/wp\/v2\/media\/325"}],"wp:attachment":[{"href":"https:\/\/lafabriquepodcast.com\/index.php\/wp-json\/wp\/v2\/media?parent=323"}],"wp:term":[{"taxonomy":"category","embeddable":true,"href":"https:\/\/lafabriquepodcast.com\/index.php\/wp-json\/wp\/v2\/categories?post=323"},{"taxonomy":"post_tag","embeddable":true,"href":"https:\/\/lafabriquepodcast.com\/index.php\/wp-json\/wp\/v2\/tags?post=323"}],"curies":[{"name":"wp","href":"https:\/\/api.w.org\/{rel}","templated":true}]}}