{"id":300,"date":"2024-02-13T15:37:53","date_gmt":"2024-02-13T14:37:53","guid":{"rendered":"http:\/\/lafabriquepodcast.com\/?p=300"},"modified":"2024-02-26T13:57:52","modified_gmt":"2024-02-26T12:57:52","slug":"podcast-la-fabrique-16-leo-karmann","status":"publish","type":"post","link":"https:\/\/lafabriquepodcast.com\/index.php\/2024\/02\/13\/podcast-la-fabrique-16-leo-karmann\/","title":{"rendered":"Podcast La Fabrique 16 \u2013 L\u00e9o Karmann"},"content":{"rendered":"\n<p>Juliette Arnaud, Ramzi Assadi et Fran\u00e7ois Audoin re\u00e7oivent le \u00ab\u00a0cin\u00e9aste\u00a0\u00bb L\u00e9o Karmann. Dans cet \u00e9pisode, il nous raconte son enfance, son travail de r\u00e9alisateur et de sc\u00e9nariste et ses chroniques sur France Inter.<\/p>\n\n\n\n<figure class=\"wp-block-embed is-type-video is-provider-youtube wp-block-embed-youtube wp-embed-aspect-16-9 wp-has-aspect-ratio\"><div class=\"wp-block-embed__wrapper\">\n<iframe loading=\"lazy\" title=\"La Fabrique #16 - L\u00e9o Karmann - podcast\" width=\"640\" height=\"360\" src=\"https:\/\/www.youtube.com\/embed\/Z_fw7T9BoQY?feature=oembed\" frameborder=\"0\" allow=\"accelerometer; autoplay; clipboard-write; encrypted-media; gyroscope; picture-in-picture; web-share\" referrerpolicy=\"strict-origin-when-cross-origin\" allowfullscreen><\/iframe>\n<\/div><figcaption class=\"wp-element-caption\"><strong><strong>Biographie<\/strong> express L\u00e9o Karmann<\/strong><\/figcaption><\/figure>\n\n\n\n<p>L\u00e9o Karmann est un&nbsp;r\u00e9alisateur&nbsp;et&nbsp;sc\u00e9nariste.&nbsp;Apr\u00e8s avoirs r\u00e9alis\u00e9 des courts-m\u00e9trages et apr\u00e8s plusieurs des exp\u00e9riences en tant qu&rsquo;assistant-r\u00e9alisateur et de mise en sc\u00e8ne, il r\u00e9alise en 2019 son premier long-m\u00e9trage&nbsp;<em>La Derni\u00e8re Vie de Simon<\/em>, co-\u00e9crit avec&nbsp;Sabrina B. Karine. Il fait  \u00e9galement des chroniques sur&nbsp;France Inter dans Le Grand dimanche Soir.<\/p>\n\n\n\n<p><strong>Bonus<\/strong><\/p>\n\n\n\n<figure class=\"wp-block-embed is-type-video is-provider-youtube wp-block-embed-youtube wp-embed-aspect-16-9 wp-has-aspect-ratio\"><div class=\"wp-block-embed__wrapper\">\n<iframe loading=\"lazy\" title=\"La Fabrique #16 bonus - L\u00e9o Karmann - podcast\" width=\"640\" height=\"360\" src=\"https:\/\/www.youtube.com\/embed\/w4c1CnOUyfw?feature=oembed\" frameborder=\"0\" allow=\"accelerometer; autoplay; clipboard-write; encrypted-media; gyroscope; picture-in-picture; web-share\" referrerpolicy=\"strict-origin-when-cross-origin\" allowfullscreen><\/iframe>\n<\/div><\/figure>\n\n\n<div class=\"wp-block-image\">\n<figure class=\"aligncenter size-large is-resized\"><img loading=\"lazy\" decoding=\"async\" width=\"1024\" height=\"1024\" src=\"http:\/\/lafabriquepodcast.com\/wp-content\/uploads\/2024\/02\/Affiche-La-Fabrique-BONUS-Saison-2-Episode-16-V2-1024x1024.jpg\" alt=\"\" class=\"wp-image-301\" style=\"width:486px;height:auto\" srcset=\"https:\/\/lafabriquepodcast.com\/wp-content\/uploads\/2024\/02\/Affiche-La-Fabrique-BONUS-Saison-2-Episode-16-V2-1024x1024.jpg 1024w, https:\/\/lafabriquepodcast.com\/wp-content\/uploads\/2024\/02\/Affiche-La-Fabrique-BONUS-Saison-2-Episode-16-V2-300x300.jpg 300w, https:\/\/lafabriquepodcast.com\/wp-content\/uploads\/2024\/02\/Affiche-La-Fabrique-BONUS-Saison-2-Episode-16-V2-150x150.jpg 150w, https:\/\/lafabriquepodcast.com\/wp-content\/uploads\/2024\/02\/Affiche-La-Fabrique-BONUS-Saison-2-Episode-16-V2-768x768.jpg 768w, https:\/\/lafabriquepodcast.com\/wp-content\/uploads\/2024\/02\/Affiche-La-Fabrique-BONUS-Saison-2-Episode-16-V2.jpg 1100w\" sizes=\"auto, (max-width: 1024px) 100vw, 1024px\" \/><\/figure><\/div>","protected":false},"excerpt":{"rendered":"<p>Juliette Arnaud, Ramzi Assadi et Fran\u00e7ois Audoin re\u00e7oivent le \u00ab\u00a0cin\u00e9aste\u00a0\u00bb L\u00e9o Karmann. Dans cet \u00e9pisode, il nous raconte son enfance, son travail de r\u00e9alisateur et de sc\u00e9nariste et ses chroniques sur France Inter. L\u00e9o Karmann est un&nbsp;r\u00e9alisateur&nbsp;et&nbsp;sc\u00e9nariste.&nbsp;Apr\u00e8s avoirs r\u00e9alis\u00e9 des courts-m\u00e9trages et apr\u00e8s plusieurs des exp\u00e9riences en tant qu&rsquo;assistant-r\u00e9alisateur et de mise en sc\u00e8ne, il&#8230;<\/p>\n","protected":false},"author":1,"featured_media":310,"comment_status":"closed","ping_status":"open","sticky":false,"template":"","format":"standard","meta":{"footnotes":""},"categories":[1,4],"tags":[],"class_list":["post-300","post","type-post","status-publish","format-standard","has-post-thumbnail","hentry","category-la-fabrique","category-podcast"],"_links":{"self":[{"href":"https:\/\/lafabriquepodcast.com\/index.php\/wp-json\/wp\/v2\/posts\/300","targetHints":{"allow":["GET"]}}],"collection":[{"href":"https:\/\/lafabriquepodcast.com\/index.php\/wp-json\/wp\/v2\/posts"}],"about":[{"href":"https:\/\/lafabriquepodcast.com\/index.php\/wp-json\/wp\/v2\/types\/post"}],"author":[{"embeddable":true,"href":"https:\/\/lafabriquepodcast.com\/index.php\/wp-json\/wp\/v2\/users\/1"}],"replies":[{"embeddable":true,"href":"https:\/\/lafabriquepodcast.com\/index.php\/wp-json\/wp\/v2\/comments?post=300"}],"version-history":[{"count":4,"href":"https:\/\/lafabriquepodcast.com\/index.php\/wp-json\/wp\/v2\/posts\/300\/revisions"}],"predecessor-version":[{"id":318,"href":"https:\/\/lafabriquepodcast.com\/index.php\/wp-json\/wp\/v2\/posts\/300\/revisions\/318"}],"wp:featuredmedia":[{"embeddable":true,"href":"https:\/\/lafabriquepodcast.com\/index.php\/wp-json\/wp\/v2\/media\/310"}],"wp:attachment":[{"href":"https:\/\/lafabriquepodcast.com\/index.php\/wp-json\/wp\/v2\/media?parent=300"}],"wp:term":[{"taxonomy":"category","embeddable":true,"href":"https:\/\/lafabriquepodcast.com\/index.php\/wp-json\/wp\/v2\/categories?post=300"},{"taxonomy":"post_tag","embeddable":true,"href":"https:\/\/lafabriquepodcast.com\/index.php\/wp-json\/wp\/v2\/tags?post=300"}],"curies":[{"name":"wp","href":"https:\/\/api.w.org\/{rel}","templated":true}]}}