{"id":139,"date":"2023-12-19T18:37:02","date_gmt":"2023-12-19T17:37:02","guid":{"rendered":"http:\/\/lafabriquepodcast.com\/?p=139"},"modified":"2023-12-20T14:31:54","modified_gmt":"2023-12-20T13:31:54","slug":"episode-13-constance","status":"publish","type":"post","link":"https:\/\/lafabriquepodcast.com\/index.php\/2023\/12\/19\/episode-13-constance\/","title":{"rendered":"Podcast La Fabrique 13 \u2013 Constance"},"content":{"rendered":"\n<p>\u00c9pisode 13 de la Fabrique, et Juliette Arnaud, Ramzi Assadi et Fran\u00e7ois Audoin re\u00e7oivent l\u2019humoriste Constance. Dans cet \u00e9pisode, elle nous parle de son parcours, du poney th\u00e9\u00e2tre et de ses d\u00e9buts sur sc\u00e8ne.<\/p>\n\n\n\n<figure class=\"wp-block-embed aligncenter is-type-video is-provider-youtube wp-block-embed-youtube wp-embed-aspect-16-9 wp-has-aspect-ratio\"><div class=\"wp-block-embed__wrapper\">\n<iframe loading=\"lazy\" title=\"La Fabrique #13 - Constance - podcast\" width=\"640\" height=\"360\" src=\"https:\/\/www.youtube.com\/embed\/DA5AFWquE0s?feature=oembed\" frameborder=\"0\" allow=\"accelerometer; autoplay; clipboard-write; encrypted-media; gyroscope; picture-in-picture; web-share\" referrerpolicy=\"strict-origin-when-cross-origin\" allowfullscreen><\/iframe>\n<\/div><figcaption class=\"wp-element-caption\"><br><strong><strong>Biographie<\/strong> express<\/strong> <strong>Constance<\/strong><\/figcaption><\/figure>\n\n\n\n<p>Constance est une com\u00e9dienne humoriste. Elle d\u00e9marre seule sur sc\u00e8ne en 2008 dans son premier one woman show, <em>Je suis une princesse bordel !<\/em> . En 2010, elle a rejoint <em>On n&rsquo;demande qu&rsquo;\u00e0 en rire<\/em>, \u00e9mission dans laquelle elle a fait 51 passages. Depuis novembre 2017, elle est dans l&rsquo;\u00e9quipe deCharline Vanhoenacker, dans l&rsquo;\u00e9mission  <em>Par Jupiter<\/em> sur France Inter.<\/p>\n\n\n\n<p><strong>Bonus<\/strong><\/p>\n\n\n\n<figure class=\"wp-block-embed aligncenter is-type-video is-provider-youtube wp-block-embed-youtube wp-embed-aspect-4-3 wp-has-aspect-ratio\"><div class=\"wp-block-embed__wrapper\">\n<iframe loading=\"lazy\" title=\"La Fabrique #13 bonus - Constance  - podcast\" width=\"640\" height=\"480\" src=\"https:\/\/www.youtube.com\/embed\/URb9FmAlKng?feature=oembed\" frameborder=\"0\" allow=\"accelerometer; autoplay; clipboard-write; encrypted-media; gyroscope; picture-in-picture; web-share\" referrerpolicy=\"strict-origin-when-cross-origin\" allowfullscreen><\/iframe>\n<\/div><\/figure>\n\n\n\n<div class=\"wp-block-group\"><div class=\"wp-block-group__inner-container is-layout-constrained wp-block-group-is-layout-constrained\"><figure class=\"aligncenter wp-block-post-featured-image\"><img loading=\"lazy\" decoding=\"async\" width=\"1100\" height=\"1100\" src=\"https:\/\/lafabriquepodcast.com\/wp-content\/uploads\/2023\/12\/Affiche-La-Fabrique-Saison-2-Episode-3-1.jpg\" class=\"attachment-post-thumbnail size-post-thumbnail wp-post-image\" alt=\"Fran\u00e7ois Audoin, Ramzi Assadi et Juliette Arnaud avec Constance lors du podcast La Fabrique\" style=\"object-fit:cover;\" srcset=\"https:\/\/lafabriquepodcast.com\/wp-content\/uploads\/2023\/12\/Affiche-La-Fabrique-Saison-2-Episode-3-1.jpg 1100w, https:\/\/lafabriquepodcast.com\/wp-content\/uploads\/2023\/12\/Affiche-La-Fabrique-Saison-2-Episode-3-1-300x300.jpg 300w, https:\/\/lafabriquepodcast.com\/wp-content\/uploads\/2023\/12\/Affiche-La-Fabrique-Saison-2-Episode-3-1-1024x1024.jpg 1024w, https:\/\/lafabriquepodcast.com\/wp-content\/uploads\/2023\/12\/Affiche-La-Fabrique-Saison-2-Episode-3-1-150x150.jpg 150w, https:\/\/lafabriquepodcast.com\/wp-content\/uploads\/2023\/12\/Affiche-La-Fabrique-Saison-2-Episode-3-1-768x768.jpg 768w\" sizes=\"auto, (max-width: 1100px) 100vw, 1100px\" \/><\/figure><\/div><\/div>\n","protected":false},"excerpt":{"rendered":"<p>\u00c9pisode 13 de la Fabrique, et Juliette Arnaud, Ramzi Assadi et Fran\u00e7ois Audoin re\u00e7oivent l\u2019humoriste Constance. Dans cet \u00e9pisode, elle nous parle de son parcours, du poney th\u00e9\u00e2tre et de ses d\u00e9buts sur sc\u00e8ne. Constance est une com\u00e9dienne humoriste. Elle d\u00e9marre seule sur sc\u00e8ne en 2008 dans son premier one woman show, Je suis une&#8230;<\/p>\n","protected":false},"author":1,"featured_media":187,"comment_status":"closed","ping_status":"open","sticky":false,"template":"","format":"standard","meta":{"footnotes":""},"categories":[1,4],"tags":[],"class_list":["post-139","post","type-post","status-publish","format-standard","has-post-thumbnail","hentry","category-la-fabrique","category-podcast"],"_links":{"self":[{"href":"https:\/\/lafabriquepodcast.com\/index.php\/wp-json\/wp\/v2\/posts\/139","targetHints":{"allow":["GET"]}}],"collection":[{"href":"https:\/\/lafabriquepodcast.com\/index.php\/wp-json\/wp\/v2\/posts"}],"about":[{"href":"https:\/\/lafabriquepodcast.com\/index.php\/wp-json\/wp\/v2\/types\/post"}],"author":[{"embeddable":true,"href":"https:\/\/lafabriquepodcast.com\/index.php\/wp-json\/wp\/v2\/users\/1"}],"replies":[{"embeddable":true,"href":"https:\/\/lafabriquepodcast.com\/index.php\/wp-json\/wp\/v2\/comments?post=139"}],"version-history":[{"count":11,"href":"https:\/\/lafabriquepodcast.com\/index.php\/wp-json\/wp\/v2\/posts\/139\/revisions"}],"predecessor-version":[{"id":282,"href":"https:\/\/lafabriquepodcast.com\/index.php\/wp-json\/wp\/v2\/posts\/139\/revisions\/282"}],"wp:featuredmedia":[{"embeddable":true,"href":"https:\/\/lafabriquepodcast.com\/index.php\/wp-json\/wp\/v2\/media\/187"}],"wp:attachment":[{"href":"https:\/\/lafabriquepodcast.com\/index.php\/wp-json\/wp\/v2\/media?parent=139"}],"wp:term":[{"taxonomy":"category","embeddable":true,"href":"https:\/\/lafabriquepodcast.com\/index.php\/wp-json\/wp\/v2\/categories?post=139"},{"taxonomy":"post_tag","embeddable":true,"href":"https:\/\/lafabriquepodcast.com\/index.php\/wp-json\/wp\/v2\/tags?post=139"}],"curies":[{"name":"wp","href":"https:\/\/api.w.org\/{rel}","templated":true}]}}